{"id":1020,"__str__":"Parecer de Comiss\u00e3o - Parecer n\u00ba 113/2026 -CLJRF de 23/04/2026 por COMISS\u00c3O DE LEGISLA\u00c7\u00c3O, JUSTI\u00c7A E REDA\u00c7\u00c3O FINAL","link_detail_backend":"/materia/documentoacessorio/1020","metadata":{"signs":{"arquivo":{"admin":[],"autores":[["Camara Municipal de Alta Floresta",[null,"ICP-Brasil - AC SyngularID Multipla"]]]}}},"nome":"Parecer n\u00ba 113/2026 -CLJRF","data":"2026-04-23","autor":"COMISS\u00c3O DE LEGISLA\u00c7\u00c3O, JUSTI\u00c7A E REDA\u00c7\u00c3O FINAL","ementa":"Trata-se de Projeto de Lei n\u00ba 017/2026, de autoria: Vereadora Elisa Gomes Machado, em regime de tramita\u00e7\u00e3o ordin\u00e1ria, que \u201cINSTITUI A SEMANA MUNICIPAL DO GARI E D\u00c1 OUTRAS PROCID\u00caNCIAS.\u201d.","indexacao":"","arquivo":"http://sapl.altafloresta.mt.leg.br/media/sapl/public/documentoacessorio/2026/1020/parecer_113-_cljrf__-_proc_035-2026_-_pl__017-2026_-semana_do_gari_-_concluido.pdf","data_ultima_atualizacao":"2026-04-24T08:18:10.189901-03:00","materia":3104,"tipo":9}