{"id":906,"__str__":"Parecer de Comiss\u00e3o - parecer 020-2026-CLJRF de 23/02/2026 por Comiss\u00e3o de Legisla\u00e7\u00e3o, Justi\u00e7a e Reda\u00e7\u00e3o Final","link_detail_backend":"/materia/documentoacessorio/906","metadata":{},"nome":"parecer 020-2026-CLJRF","data":"2026-02-23","autor":"Comiss\u00e3o de Legisla\u00e7\u00e3o, Justi\u00e7a e Reda\u00e7\u00e3o Final","ementa":"Trata-se de Projeto de Resolu\u00e7\u00e3o n\u00ba 002/2026, de autoria: Vereadores Francisco Ailton dos Santos, Silvino Carlos Pires Pereira, Darli Luciano da Silva, Darlan Trindade Carvalho, Adelson da Silva Rezende, Bernardo Patr\u00edcio dos Santos, Claudinei de Souza Jesus, Douglas Pereira Teixeira de Carvalho, Francisco Ramos da Silva, Leonice Klaus dos Santos, Marcos Roberto Menin, Nilson Pereira da Silva, Oslen Dias dos Santos e Reginaldo Luiz da Silva, em regime de tramita\u00e7\u00e3o Urg\u00eancia Especial, que \u201cALTERA O DIA DE REALIZA\u00c7\u00c3O DAS SESS\u00d5ES ORDIN\u00c1RIAS DA C\u00c2MARA MUNICIPAL DE ALTA FLORESTA, NOS TERMOS DO ARTIGO 105 DA RESOLU\u00c7\u00c3O LEGISLATIVA N\u00ba 078, DE 17 DE MAIO DE 1995, E D\u00c1 OUTRAS PROVID\u00caNCIAS.\u201d.","indexacao":"","arquivo":"http://sapl.altafloresta.mt.leg.br/media/sapl/public/documentoacessorio/2026/906/parecer_020-_cljrf__-_proc_014-2026_-_pr__002-2026_-_vereadores_-_regulamenta_o_disposto_no_art._105_do_ri_-_dia_das_sessoes.pdf","data_ultima_atualizacao":"2026-03-03T10:10:08.053517-03:00","materia":2989,"tipo":9}