{"id":2909,"__str__":"Emenda n\u00ba 1 de 2026","link_detail_backend":"/materia/2909","metadata":{},"numero":1,"ano":2026,"numero_protocolo":null,"data_apresentacao":"2026-01-28","tipo_apresentacao":"E","data_publicacao":null,"numero_origem_externa":"","ano_origem_externa":null,"data_origem_externa":null,"apelido":"","dias_prazo":null,"data_fim_prazo":null,"em_tramitacao":false,"polemica":false,"objeto":"","complementar":false,"ementa":"MODIFICATIVA AO ART. 1\u00ba DO PROJETO DE LEI N\u00ba 2.393/2026, QUE DISP\u00d5E SOBRE A MIGRA\u00c7\u00c3O AO REGIME DE PREVID\u00caNCIA COMPLEMENTAR DOS SERVIDORES MUNICIPAIS.","indexacao":"","observacao":"","resultado":"","texto_original":"http://sapl.altafloresta.mt.leg.br/media/sapl/public/materialegislativa/2026/2909/emenda_n_001-2026-_dtc_moficativa_ao_pl2.393-2025__protoc-proc_7-2026.pdf","data_ultima_atualizacao":"2026-03-30T12:17:24.411743-03:00","ip":"201.218.163.28","ultima_edicao":"2026-01-29T11:43:32.385914-03:00","tipo":9,"regime_tramitacao":5,"tipo_origem_externa":null,"local_origem_externa":null,"user":3,"anexadas":[],"autores":[42]}