{"id":2943,"__str__":"Indica\u00e7\u00e3o n\u00ba 24 de 2026","link_detail_backend":"/materia/2943","metadata":{},"numero":24,"ano":2026,"numero_protocolo":null,"data_apresentacao":"2026-02-04","tipo_apresentacao":"E","data_publicacao":null,"numero_origem_externa":"","ano_origem_externa":null,"data_origem_externa":null,"apelido":"","dias_prazo":null,"data_fim_prazo":null,"em_tramitacao":true,"polemica":false,"objeto":"","complementar":false,"ementa":"O Vereador que a esta subscreve, de acordo com o Regimento Interno desta Casa, INDICA ao Prefeito Municipal, com c\u00f3pia \u00e0 Secretaria Municipal de Educa\u00e7\u00e3o, que sejam promovidas a\u00e7\u00f5es no sentido de ampliar e garantir vagas em per\u00edodo integral nas creches do Munic\u00edpio, com prioridade de atendimento \u00e0s m\u00e3es solo que necessitam trabalhar e n\u00e3o possuem com quem deixar seus filhos.","indexacao":"","observacao":"","resultado":"","texto_original":"http://sapl.altafloresta.mt.leg.br/media/sapl/public/materialegislativa/2026/2943/indicacao_n_024-2026_-_dls__-_ind_ao_pref._c.c._a_sec_de_edc._qu.pdf","data_ultima_atualizacao":"2026-02-11T09:00:35.900084-03:00","ip":"201.218.163.28","ultima_edicao":"2026-02-11T09:00:35.770702-03:00","tipo":14,"regime_tramitacao":7,"tipo_origem_externa":null,"local_origem_externa":null,"user":3,"anexadas":[],"autores":[9]}