{"id":2947,"__str__":"Indica\u00e7\u00e3o n\u00ba 28 de 2026","link_detail_backend":"/materia/2947","metadata":{},"numero":28,"ano":2026,"numero_protocolo":null,"data_apresentacao":"2026-02-05","tipo_apresentacao":"E","data_publicacao":null,"numero_origem_externa":"","ano_origem_externa":null,"data_origem_externa":null,"apelido":"","dias_prazo":null,"data_fim_prazo":null,"em_tramitacao":true,"polemica":false,"objeto":"","complementar":false,"ementa":"O Vereador que a esta subscreve, de acordo com o Regimento Interno desta Casa, INDICA ao Secret\u00e1ria Municipal de Cidade, Sr. Paulo Moreira, que realize, com a m\u00e1xima brevidade, a ro\u00e7agem do canteiro central da Avenida das Na\u00e7\u00f5es, localizada no bairro Parque das Na\u00e7\u00f5es.","indexacao":"","observacao":"","resultado":"","texto_original":"http://sapl.altafloresta.mt.leg.br/media/sapl/public/materialegislativa/2026/2947/indicacao_n_028-2026_-_dls__-_ind_ao_sec._de_cidade_faca_limpeza.pdf","data_ultima_atualizacao":"2026-02-11T09:01:35.854419-03:00","ip":"201.218.163.28","ultima_edicao":"2026-02-11T09:01:35.737973-03:00","tipo":14,"regime_tramitacao":7,"tipo_origem_externa":null,"local_origem_externa":null,"user":3,"anexadas":[],"autores":[9]}