{"id":2973,"__str__":"Indica\u00e7\u00e3o n\u00ba 39 de 2026","link_detail_backend":"/materia/2973","metadata":{"signs":{"texto_original":{}}},"numero":39,"ano":2026,"numero_protocolo":null,"data_apresentacao":"2026-02-11","tipo_apresentacao":"E","data_publicacao":null,"numero_origem_externa":"","ano_origem_externa":null,"data_origem_externa":null,"apelido":"","dias_prazo":null,"data_fim_prazo":null,"em_tramitacao":false,"polemica":false,"objeto":"","complementar":false,"ementa":"Os vereadores que a esta subscrevem, de acordo com o Regimento Interno desta Casa, INDICAM ao Secret\u00e1rio de Sa\u00fade Sr. Marcelo de Al\u00e9cio Costa com copia ao Prefeito Municipal de Alta Floresta, Sr. Valdemar Gamba, a necessidade de realizar a instala\u00e7\u00e3o de aparelhos de ar-condicionado no Posto de Sa\u00fade da Comunidade Santa L\u00facia.","indexacao":"","observacao":"","resultado":"","texto_original":"http://sapl.altafloresta.mt.leg.br/media/sapl/public/materialegislativa/2026/2973/indicacao_n_039-2026_-lks_e_rls__-_ind_ao_pref_e_sec._saud._inst.pdf","data_ultima_atualizacao":"2026-03-03T11:19:37.408270-03:00","ip":"201.218.163.28","ultima_edicao":"2026-03-03T11:19:37.267586-03:00","tipo":14,"regime_tramitacao":7,"tipo_origem_externa":null,"local_origem_externa":null,"user":3,"anexadas":[],"autores":[20,23]}