{"id":2984,"__str__":"Mo\u00e7\u00e3o n\u00ba 7 de 2026","link_detail_backend":"/materia/2984","metadata":{},"numero":7,"ano":2026,"numero_protocolo":null,"data_apresentacao":"2026-02-18","tipo_apresentacao":"E","data_publicacao":null,"numero_origem_externa":"","ano_origem_externa":null,"data_origem_externa":null,"apelido":"","dias_prazo":null,"data_fim_prazo":null,"em_tramitacao":false,"polemica":false,"objeto":"","complementar":false,"ementa":"Congratula\u00e7\u00f5es \u00e0 Senhora Elze Helene Sardela Santos, pelos relevantes servi\u00e7os prestados \u00e0 comunidade, especialmente na promo\u00e7\u00e3o da inclus\u00e3o social, do cuidado humanizado e da defesa dos direitos das pessoas com defici\u00eancia.","indexacao":"","observacao":"","resultado":"","texto_original":"http://sapl.altafloresta.mt.leg.br/media/sapl/public/materialegislativa/2026/2984/mocao_no_007-2026_-_fas_-_congratulacoes_com_a_sra._elze_helene.pdf","data_ultima_atualizacao":"2026-03-03T11:55:35.615563-03:00","ip":"201.218.163.28","ultima_edicao":"2026-03-03T11:55:35.512492-03:00","tipo":15,"regime_tramitacao":7,"tipo_origem_externa":null,"local_origem_externa":null,"user":3,"anexadas":[],"autores":[17]}