{"id":2993,"__str__":"Requerimento n\u00ba 14 de 2026","link_detail_backend":"/materia/2993","metadata":{},"numero":14,"ano":2026,"numero_protocolo":null,"data_apresentacao":"2026-02-19","tipo_apresentacao":"E","data_publicacao":null,"numero_origem_externa":"","ano_origem_externa":null,"data_origem_externa":null,"apelido":"","dias_prazo":null,"data_fim_prazo":null,"em_tramitacao":true,"polemica":false,"objeto":"","complementar":false,"ementa":"OS VEREADORES que a este subscrevem, REQUEREM, nos termos que disp\u00f5e a al\u00ednea b), inciso I, artigo 129 do Regimento Interno, combinado com o artigo 17, tramita\u00e7\u00e3o em regime de urg\u00eancia especial ao PROJETO DE RESOLU\u00c7\u00c3O N\u00ba 003/2026, que em s\u00famula \u201cALTERA O DIA DE REALIZA\u00c7\u00c3O DAS SESS\u00d5ES ORDIN\u00c1RIAS DA C\u00c2MARA MUNICIPAL DE ALTA FLORESTA, NOS TERMOS DO ARTIGO 105 DA RESOLU\u00c7\u00c3O LEGISLATIVA N\u00ba 078, DE 17 DE MAIO DE 1995, E D\u00c1 OUTRAS PROVID\u00caNCIAS\u201d.","indexacao":"","observacao":"","resultado":"","texto_original":"http://sapl.altafloresta.mt.leg.br/media/sapl/public/materialegislativa/2026/2993/requerimento_n._014-2026_-_vereadores_-_requer_tramitacao_em_reg.pdf","data_ultima_atualizacao":"2026-03-03T11:33:58.291932-03:00","ip":"201.218.163.28","ultima_edicao":"2026-03-03T11:33:58.063418-03:00","tipo":13,"regime_tramitacao":7,"tipo_origem_externa":null,"local_origem_externa":null,"user":3,"anexadas":[],"autores":[1,2,43,15,42,46,16,17,20,9,21,23,45,26]}