{"id":3070,"__str__":"Requerimento n\u00ba 32 de 2026","link_detail_backend":"/materia/3070","metadata":{},"numero":32,"ano":2026,"numero_protocolo":null,"data_apresentacao":"2026-03-11","tipo_apresentacao":"E","data_publicacao":null,"numero_origem_externa":"","ano_origem_externa":null,"data_origem_externa":null,"apelido":"","dias_prazo":null,"data_fim_prazo":null,"em_tramitacao":false,"polemica":false,"objeto":"","complementar":false,"ementa":"REQUER, nos termos regimentais  e Lei Org\u00e2nica Municipal, ap\u00f3s ser consultado o Douto e Soberano Plen\u00e1rio, que seja oficiado o Prefeito Municipal, Senhor Valdemar Gamba, para que, por meio da Secretaria Municipal de Educa\u00e7\u00e3o, no prazo de 15 (quinze) dias, encaminhe a esta Casa de Leis as seguintes informa\u00e7\u00f5es e documentos referentes ao Processo Seletivo de Gest\u00e3o Escolar n\u00ba 001/2025: 1.\tComprova\u00e7\u00e3o da publica\u00e7\u00e3o do Edital n\u00ba 001/2025, contendo: a.\tC\u00f3pia integral do edital publicado; b.\tIndica\u00e7\u00e3o do local oficial de publica\u00e7\u00e3o; c.\tData da publica\u00e7\u00e3o; d.\tC\u00f3pia da p\u00e1gina do Di\u00e1rio Oficial ou do portal institucional onde ocorreu a publica\u00e7\u00e3o; e.\tLink eletr\u00f4nico ou endere\u00e7o institucional onde o edital esteve disponibilizado ao p\u00fablico. 2.\tComprova\u00e7\u00e3o da publica\u00e7\u00e3o de todos os demais editais, comunicados, retifica\u00e7\u00f5es ou convoca\u00e7\u00f5es relacionadas ao Processo Seletivo de Gest\u00e3o Escolar n\u00ba 001/2025, contendo: a.\tC\u00f3pia dos documentos publicados; b.\tLocal e meio oficial de publica\u00e7\u00e3o;","indexacao":"","observacao":"","resultado":"","texto_original":"http://sapl.altafloresta.mt.leg.br/media/sapl/public/materialegislativa/2026/3070/requerimento_n._032-2026-_dtc-_requer_inf._sobre_o_seletivo_da_e.pdf","data_ultima_atualizacao":"2026-03-17T13:22:46.305272-03:00","ip":"177.221.214.238","ultima_edicao":"2026-03-17T12:43:50.379118-03:00","tipo":13,"regime_tramitacao":7,"tipo_origem_externa":null,"local_origem_externa":null,"user":3,"anexadas":[],"autores":[42]}