{"id":3178,"__str__":"Mo\u00e7\u00e3o n\u00ba 19 de 2026","link_detail_backend":"/materia/3178","metadata":{},"numero":19,"ano":2026,"numero_protocolo":null,"data_apresentacao":"2026-04-08","tipo_apresentacao":"E","data_publicacao":null,"numero_origem_externa":"","ano_origem_externa":null,"data_origem_externa":null,"apelido":"","dias_prazo":null,"data_fim_prazo":null,"em_tramitacao":false,"polemica":false,"objeto":"","complementar":false,"ementa":"CONGRATULA\u00c7\u00d5ES com Wilson Pereira Da Silva, em reconhecimento \u00e0 sua relevante trajet\u00f3ria de vida e aos servi\u00e7os prestados \u00e0 comunidade, especialmente na defesa dos direitos sociais e trabalhistas no munic\u00edpio.","indexacao":"","observacao":"","resultado":"","texto_original":"http://sapl.altafloresta.mt.leg.br/media/sapl/public/materialegislativa/2026/3178/mocao_no_019-2026_-_dptc_-_congratulacoes_ao_sr._wilson_pereira_da_silva.pdf","data_ultima_atualizacao":"2026-04-13T11:17:13.767307-03:00","ip":"177.221.214.238","ultima_edicao":"2026-04-13T11:17:13.606109-03:00","tipo":15,"regime_tramitacao":7,"tipo_origem_externa":null,"local_origem_externa":null,"user":3,"anexadas":[],"autores":[16]}